{"id":1461,"date":"2022-02-22T10:57:13","date_gmt":"2022-02-22T09:57:13","guid":{"rendered":"http:\/\/bienmangerbassinminier.fr\/?p=1461"},"modified":"2022-02-22T15:36:43","modified_gmt":"2022-02-22T14:36:43","slug":"formation-poles-territoriaux-de-cooperation-economique-ptce-ecopoles-alimentaires","status":"publish","type":"post","link":"https:\/\/bienmangerbassinminier.fr\/?p=1461","title":{"rendered":"Formation P\u00f4les territoriaux de coop\u00e9ration \u00e9conomique (PTCE) &#038; \u00e9cop\u00f4les alimentaires"},"content":{"rendered":"\t\t<div data-elementor-type=\"wp-post\" data-elementor-id=\"1461\" class=\"elementor elementor-1461\" data-elementor-settings=\"[]\">\n\t\t\t\t\t\t\t<div class=\"elementor-section-wrap\">\n\t\t\t\t\t\t\t<section class=\"elementor-section elementor-top-section elementor-element elementor-element-19cf50c elementor-section-boxed elementor-section-height-default elementor-section-height-default\" data-id=\"19cf50c\" data-element_type=\"section\">\n\t\t\t\t\t\t<div class=\"elementor-container elementor-column-gap-default\">\n\t\t\t\t\t<div class=\"elementor-column elementor-col-100 elementor-top-column elementor-element elementor-element-a6112c8\" data-id=\"a6112c8\" data-element_type=\"column\">\n\t\t\t<div class=\"elementor-widget-wrap elementor-element-populated\">\n\t\t\t\t\t\t\t\t<div class=\"elementor-element elementor-element-86290a5 elementor-widget elementor-widget-text-editor\" data-id=\"86290a5\" data-element_type=\"widget\" data-widget_type=\"text-editor.default\">\n\t\t\t\t<div class=\"elementor-widget-container\">\n\t\t\t\t\t\t\t\t\t\t\t\t\t<\/div>\n\t\t\t\t<\/div>\n\t\t\t\t<div class=\"elementor-element elementor-element-01c32d7 elementor-aspect-ratio-169 elementor-widget elementor-widget-video\" data-id=\"01c32d7\" data-element_type=\"widget\" data-settings=\"{&quot;youtube_url&quot;:&quot;https:\\\/\\\/www.youtube.com\\\/watch?v=aGfFOBpSQTo&quot;,&quot;video_type&quot;:&quot;youtube&quot;,&quot;controls&quot;:&quot;yes&quot;,&quot;aspect_ratio&quot;:&quot;169&quot;}\" data-widget_type=\"video.default\">\n\t\t\t\t<div class=\"elementor-widget-container\">\n\t\t\t\t\t<div class=\"elementor-wrapper elementor-fit-aspect-ratio elementor-open-inline\">\n\t\t\t<div class=\"elementor-video\"><\/div>\t\t<\/div>\n\t\t\t\t<\/div>\n\t\t\t\t<\/div>\n\t\t\t\t\t<\/div>\n\t\t<\/div>\n\t\t\t\t\t\t\t<\/div>\n\t\t<\/section>\n\t\t\t\t<section class=\"elementor-section elementor-top-section elementor-element elementor-element-915b295 elementor-section-boxed elementor-section-height-default elementor-section-height-default\" data-id=\"915b295\" data-element_type=\"section\">\n\t\t\t\t\t\t<div class=\"elementor-container elementor-column-gap-default\">\n\t\t\t\t\t<div class=\"elementor-column elementor-col-100 elementor-top-column elementor-element elementor-element-f0f2759\" data-id=\"f0f2759\" data-element_type=\"column\">\n\t\t\t<div class=\"elementor-widget-wrap elementor-element-populated\">\n\t\t\t\t\t\t\t\t<div class=\"elementor-element elementor-element-f6e24e5 elementor-widget elementor-widget-text-editor\" data-id=\"f6e24e5\" data-element_type=\"widget\" data-widget_type=\"text-editor.default\">\n\t\t\t\t<div class=\"elementor-widget-container\">\n\t\t\t\t\t\t\t<p>Cette vid\u00e9o vous donne envie d\u2019en savoir plus sur les \u00e9cop\u00f4les alimentaires, alors rendez-vous lors de notre prochaine formation\u00a0<img decoding=\"async\" class=\"emoji\" role=\"img\" draggable=\"false\" src=\"https:\/\/s.w.org\/images\/core\/emoji\/13.1.0\/svg\/1f447.svg\" alt=\"\ud83d\udc47\" \/><br \/><a href=\"https:\/\/lnkd.in\/dBPV7qwy\" data-attribute-index=\"2\">https:\/\/lnkd.in\/dBPV7qwy<\/a><\/p><p>P\u00f4les territoriaux de coop\u00e9ration \u00e9conomique (PTCE) &amp; \u00e9cop\u00f4les alimentaires<br \/><img decoding=\"async\" class=\"emoji\" role=\"img\" draggable=\"false\" src=\"https:\/\/s.w.org\/images\/core\/emoji\/13.1.0\/svg\/1f4c5.svg\" alt=\"\ud83d\udcc5\" \/> 3 jours : mercredi 16, jeudi 17, vendredi 18 mars<br \/><img decoding=\"async\" class=\"emoji\" role=\"img\" draggable=\"false\" src=\"https:\/\/s.w.org\/images\/core\/emoji\/13.1.0\/svg\/1f69c.svg\" alt=\"\ud83d\ude9c\" \/> 62162 Vieille Eglise<\/p><p>Comment vous inscrire \u00e0 cette formation <img decoding=\"async\" class=\"emoji\" role=\"img\" draggable=\"false\" src=\"https:\/\/s.w.org\/images\/core\/emoji\/13.1.0\/svg\/2753.svg\" alt=\"\u2753\" \/><\/p><p>Cliquez sur le lien qui vous basculera vers le site de Travail et Transitions :\u00a0<a href=\"https:\/\/lnkd.in\/eZf3eBWK\">https:\/\/lnkd.in\/eZf3eBWK<\/a><\/p><p>Puis cliquez sur \u00ab se pr\u00e9-inscrire \u00bb et compl\u00e9tez les informations concernant votre demande<\/p><p>Apr\u00e8s traitement de la demande, un devis vous sera envoy\u00e9<\/p><p>L\u2019inscription sera valid\u00e9e \u00e0 r\u00e9ception du devis sign\u00e9 <img decoding=\"async\" class=\"emoji\" role=\"img\" draggable=\"false\" src=\"https:\/\/s.w.org\/images\/core\/emoji\/13.1.0\/svg\/2712.svg\" alt=\"\u2712\" \/><img decoding=\"async\" class=\"emoji\" role=\"img\" draggable=\"false\" src=\"https:\/\/s.w.org\/images\/core\/emoji\/13.1.0\/svg\/2714.svg\" alt=\"\u2714\" \/><\/p><p>Pour plus d&rsquo;infos : <img decoding=\"async\" class=\"emoji\" role=\"img\" draggable=\"false\" src=\"https:\/\/s.w.org\/images\/core\/emoji\/13.1.0\/svg\/260e.svg\" alt=\"\u260e\" \/> 06 15 85 83 58 \/\u00a0<a href=\"mailto:adubois@angesgardins.fr\" data-attribute-index=\"4\">adubois@angesgardins.fr<\/a>\u00a0<img decoding=\"async\" class=\"emoji\" role=\"img\" draggable=\"false\" src=\"https:\/\/s.w.org\/images\/core\/emoji\/13.1.0\/svg\/1f44b.svg\" alt=\"\ud83d\udc4b\" \/><br \/><a href=\"https:\/\/www.linkedin.com\/feed\/hashtag\/?keywords=fondationup&amp;highlightedUpdateUrns=urn%3Ali%3Aactivity%3A6901556164568719361\" data-attribute-index=\"0\">#FondationUp<\/a><br \/><a href=\"https:\/\/www.linkedin.com\/feed\/hashtag\/?keywords=lesangesgardins&amp;highlightedUpdateUrns=urn%3Ali%3Aactivity%3A6901556164568719361\" data-attribute-index=\"1\">#LesAngesGardins<\/a><\/p>\t\t\t\t\t\t<\/div>\n\t\t\t\t<\/div>\n\t\t\t\t\t<\/div>\n\t\t<\/div>\n\t\t\t\t\t\t\t<\/div>\n\t\t<\/section>\n\t\t\t\t\t\t<\/div>\n\t\t\t\t\t<\/div>\n\t\t","protected":false},"excerpt":{"rendered":"<p>https:\/\/www.youtube.com\/watch?v=aGfFOBpSQTo Cette vid\u00e9o vous donne envie d\u2019en savoir plus sur les \u00e9cop\u00f4les alimentaires, alors rendez-vous lors de notre prochaine formation\u00a0https:\/\/lnkd.in\/dBPV7qwy P\u00f4les territoriaux de coop\u00e9ration \u00e9conomique (PTCE) &amp; \u00e9cop\u00f4les alimentaires 3 jours : mercredi 16, jeudi&hellip;<\/p>\n","protected":false},"author":1,"featured_media":0,"comment_status":"open","ping_status":"open","sticky":false,"template":"","format":"standard","meta":[],"categories":[8],"tags":[],"_links":{"self":[{"href":"https:\/\/bienmangerbassinminier.fr\/index.php?rest_route=\/wp\/v2\/posts\/1461"}],"collection":[{"href":"https:\/\/bienmangerbassinminier.fr\/index.php?rest_route=\/wp\/v2\/posts"}],"about":[{"href":"https:\/\/bienmangerbassinminier.fr\/index.php?rest_route=\/wp\/v2\/types\/post"}],"author":[{"embeddable":true,"href":"https:\/\/bienmangerbassinminier.fr\/index.php?rest_route=\/wp\/v2\/users\/1"}],"replies":[{"embeddable":true,"href":"https:\/\/bienmangerbassinminier.fr\/index.php?rest_route=%2Fwp%2Fv2%2Fcomments&post=1461"}],"version-history":[{"count":35,"href":"https:\/\/bienmangerbassinminier.fr\/index.php?rest_route=\/wp\/v2\/posts\/1461\/revisions"}],"predecessor-version":[{"id":1517,"href":"https:\/\/bienmangerbassinminier.fr\/index.php?rest_route=\/wp\/v2\/posts\/1461\/revisions\/1517"}],"wp:attachment":[{"href":"https:\/\/bienmangerbassinminier.fr\/index.php?rest_route=%2Fwp%2Fv2%2Fmedia&parent=1461"}],"wp:term":[{"taxonomy":"category","embeddable":true,"href":"https:\/\/bienmangerbassinminier.fr\/index.php?rest_route=%2Fwp%2Fv2%2Fcategories&post=1461"},{"taxonomy":"post_tag","embeddable":true,"href":"https:\/\/bienmangerbassinminier.fr\/index.php?rest_route=%2Fwp%2Fv2%2Ftags&post=1461"}],"curies":[{"name":"wp","href":"https:\/\/api.w.org\/{rel}","templated":true}]}}